{"id":1,"date":"2021-01-12T13:12:00","date_gmt":"2021-01-12T13:12:00","guid":{"rendered":"https:\/\/www.autocaresnika.com\/?p=1"},"modified":"2023-03-13T16:24:31","modified_gmt":"2023-03-13T16:24:31","slug":"hola-mundo","status":"publish","type":"post","link":"https:\/\/www.autocaresnika.com\/ca\/hola-mundo\/","title":{"rendered":"Empresa benefici\u00e0ria del fons Europeu de desenvolupament regional"},"content":{"rendered":"\n<p><strong>El 28 de desembre del 2020, AUTOCARS NIKA, ha estat benefici\u00e0ria del Fons Europeu de Desenvolupament Regional.<\/strong><\/p>\n\n\n\n<p>L&#8217;objectiu d&#8217;aquest Fons Europeu \u00e9s millorar l&#8217;\u00fas i la qualitat de les tecnologies de la informaci\u00f3 i de les comunicacions i accedir-hi. D&#8217;aquesta manera, l&#8217;empresa ha pogut implantar la Gesti\u00f3 Integral a la localitzaci\u00f3 ERP integrada amb opcions ECO d&#8217;estalvi de combustible per millorar la competitivitat i la sostenibilitat amb el Medi Ambient de l&#8217;empresa.<\/p>\n\n\n\n<p>Aix\u00f2 ha estat possible gr\u00e0cies al suport del TIC Cambra Solucions Impacte COVID19 de la Cambra de Comer\u00e7 de Tarragona.<\/p>\n","protected":false},"excerpt":{"rendered":"<p>El 28 de desembre del 2020, AUTOCARS NIKA, ha estat benefici\u00e0ria del Fons Europeu de Desenvolupament Regional. L&#8217;objectiu d&#8217;aquest Fons Europeu \u00e9s millorar l&#8217;\u00fas i la qualitat de les tecnologies de la informaci\u00f3 i de les comunicacions i accedir-hi. D&#8217;aquesta manera, l&#8217;empresa ha pogut implantar la Gesti\u00f3 Integral a la localitzaci\u00f3 ERP integrada amb opcions [&hellip;]<\/p>\n","protected":false},"author":1,"featured_media":21,"comment_status":"open","ping_status":"open","sticky":false,"template":"","format":"standard","meta":{"_seopress_robots_primary_cat":"","_seopress_titles_title":"","_seopress_titles_desc":"","_seopress_robots_index":"","inline_featured_image":false,"footnotes":""},"categories":[1],"class_list":["post-1","post","type-post","status-publish","format-standard","has-post-thumbnail","hentry","category-actualitat"],"_links":{"self":[{"href":"https:\/\/www.autocaresnika.com\/ca\/wp-json\/wp\/v2\/posts\/1","targetHints":{"allow":["GET"]}}],"collection":[{"href":"https:\/\/www.autocaresnika.com\/ca\/wp-json\/wp\/v2\/posts"}],"about":[{"href":"https:\/\/www.autocaresnika.com\/ca\/wp-json\/wp\/v2\/types\/post"}],"author":[{"embeddable":true,"href":"https:\/\/www.autocaresnika.com\/ca\/wp-json\/wp\/v2\/users\/1"}],"replies":[{"embeddable":true,"href":"https:\/\/www.autocaresnika.com\/ca\/wp-json\/wp\/v2\/comments?post=1"}],"version-history":[{"count":0,"href":"https:\/\/www.autocaresnika.com\/ca\/wp-json\/wp\/v2\/posts\/1\/revisions"}],"wp:featuredmedia":[{"embeddable":true,"href":"https:\/\/www.autocaresnika.com\/ca\/wp-json\/wp\/v2\/media\/21"}],"wp:attachment":[{"href":"https:\/\/www.autocaresnika.com\/ca\/wp-json\/wp\/v2\/media?parent=1"}],"wp:term":[{"taxonomy":"category","embeddable":true,"href":"https:\/\/www.autocaresnika.com\/ca\/wp-json\/wp\/v2\/categories?post=1"}],"curies":[{"name":"wp","href":"https:\/\/api.w.org\/{rel}","templated":true}]}}