{"id":672,"date":"2023-03-17T10:55:00","date_gmt":"2023-03-17T10:55:00","guid":{"rendered":"https:\/\/www.autocaresnika.com\/traslado-del-president-de-la-generalitat-a-la-inauguracion-de-las-aguas-industriales-de-tarragona\/"},"modified":"2023-08-08T11:15:36","modified_gmt":"2023-08-08T11:15:36","slug":"traslado-del-president-de-la-generalitat-a-la-inauguracion-de-las-aguas-industriales-de-tarragona","status":"publish","type":"post","link":"https:\/\/www.autocaresnika.com\/ca\/traslado-del-president-de-la-generalitat-a-la-inauguracion-de-las-aguas-industriales-de-tarragona\/","title":{"rendered":"Trasllat del president de la Generalitat a la inauguraci\u00f3 de les aig\u00fces industrials de Tarragona"},"content":{"rendered":"\n<p>Durant el mes de febrer vam fer el trasllat del president de la Generalitat de Catalunya, Pere Aragon\u00e9s, cap a la inauguraci\u00f3 de la nova planta de tractament de les aig\u00fces industrials de Tarragona a AITASA.<\/p>\n\n\n\n<p>Us deixem amb algunes de les fotos dels vehicles utilitzats aquell dia.<\/p>\n\n\n\n<p><\/p>\n\n\n\n<figure class=\"wp-block-gallery aligncenter has-nested-images columns-1 wp-block-gallery-1 is-layout-flex wp-block-gallery-is-layout-flex\">\n<figure class=\"wp-block-image size-full\"><img alt=\"\" loading=\"lazy\" decoding=\"async\" width=\"768\" height=\"1024\" data-id=\"617\" src=\"https:\/\/www.autocaresnika.com\/wp-content\/uploads\/2023\/08\/photo-2023-02-17-11-05-18.jpg\" alt=\"\" class=\"wp-image-617\" srcset=\"https:\/\/www.autocaresnika.com\/wp-content\/uploads\/2023\/08\/photo-2023-02-17-11-05-18.jpg 768w, https:\/\/www.autocaresnika.com\/wp-content\/uploads\/2023\/08\/photo-2023-02-17-11-05-18-225x300.jpg 225w\" sizes=\"auto, (max-width: 768px) 100vw, 768px\" \/><\/figure>\n\n\n\n<figure class=\"wp-block-image size-large\"><img alt=\"\" loading=\"lazy\" decoding=\"async\" width=\"576\" height=\"1024\" data-id=\"620\" src=\"https:\/\/www.autocaresnika.com\/wp-content\/uploads\/2023\/08\/photo-2023-02-17-12-19-31-576x1024.jpg\" alt=\"\" class=\"wp-image-620\" srcset=\"https:\/\/www.autocaresnika.com\/wp-content\/uploads\/2023\/08\/photo-2023-02-17-12-19-31-576x1024.jpg 576w, https:\/\/www.autocaresnika.com\/wp-content\/uploads\/2023\/08\/photo-2023-02-17-12-19-31-169x300.jpg 169w, https:\/\/www.autocaresnika.com\/wp-content\/uploads\/2023\/08\/photo-2023-02-17-12-19-31-768x1365.jpg 768w, https:\/\/www.autocaresnika.com\/wp-content\/uploads\/2023\/08\/photo-2023-02-17-12-19-31-864x1536.jpg 864w, https:\/\/www.autocaresnika.com\/wp-content\/uploads\/2023\/08\/photo-2023-02-17-12-19-31.jpg 900w\" sizes=\"auto, (max-width: 576px) 100vw, 576px\" \/><\/figure>\n<\/figure>\n","protected":false},"excerpt":{"rendered":"<p>Durant el mes de febrer vam fer el trasllat del president de la Generalitat de Catalunya, Pere Aragon\u00e9s, cap a la inauguraci\u00f3 de la nova planta de tractament de les aig\u00fces industrials de Tarragona a AITASA. Us deixem amb algunes de les fotos dels vehicles utilitzats aquell dia.<\/p>\n","protected":false},"author":1,"featured_media":615,"comment_status":"closed","ping_status":"closed","sticky":false,"template":"","format":"standard","meta":{"_seopress_robots_primary_cat":"","_seopress_titles_title":"","_seopress_titles_desc":"","_seopress_robots_index":"","inline_featured_image":false,"footnotes":""},"categories":[1],"class_list":["post-672","post","type-post","status-publish","format-standard","has-post-thumbnail","hentry","category-actualitat"],"_links":{"self":[{"href":"https:\/\/www.autocaresnika.com\/ca\/wp-json\/wp\/v2\/posts\/672","targetHints":{"allow":["GET"]}}],"collection":[{"href":"https:\/\/www.autocaresnika.com\/ca\/wp-json\/wp\/v2\/posts"}],"about":[{"href":"https:\/\/www.autocaresnika.com\/ca\/wp-json\/wp\/v2\/types\/post"}],"author":[{"embeddable":true,"href":"https:\/\/www.autocaresnika.com\/ca\/wp-json\/wp\/v2\/users\/1"}],"replies":[{"embeddable":true,"href":"https:\/\/www.autocaresnika.com\/ca\/wp-json\/wp\/v2\/comments?post=672"}],"version-history":[{"count":0,"href":"https:\/\/www.autocaresnika.com\/ca\/wp-json\/wp\/v2\/posts\/672\/revisions"}],"wp:featuredmedia":[{"embeddable":true,"href":"https:\/\/www.autocaresnika.com\/ca\/wp-json\/wp\/v2\/media\/615"}],"wp:attachment":[{"href":"https:\/\/www.autocaresnika.com\/ca\/wp-json\/wp\/v2\/media?parent=672"}],"wp:term":[{"taxonomy":"category","embeddable":true,"href":"https:\/\/www.autocaresnika.com\/ca\/wp-json\/wp\/v2\/categories?post=672"}],"curies":[{"name":"wp","href":"https:\/\/api.w.org\/{rel}","templated":true}]}}