{"id":678,"date":"2023-07-21T11:03:00","date_gmt":"2023-07-21T11:03:00","guid":{"rendered":"https:\/\/www.autocaresnika.com\/autocares-nika-estuvo-presente-en-el-gp-de-espana-de-f1\/"},"modified":"2023-08-08T11:17:58","modified_gmt":"2023-08-08T11:17:58","slug":"autocares-nika-estuvo-presente-en-el-gp-de-espana-de-f1","status":"publish","type":"post","link":"https:\/\/www.autocaresnika.com\/ca\/autocares-nika-estuvo-presente-en-el-gp-de-espana-de-f1\/","title":{"rendered":"Autocars Nika va ser present al GP d&#8217;Espanya de F1"},"content":{"rendered":"\n<p>El mes de juny passat Autocars NIKA va ser present al Gran Premi d&#8217;Espanya de F\u00f3rmula 1, al Circuit de Montmel\u00f3 de Barcelona. Aqu\u00ed us deixem alguns moments!<\/p>\n\n\n\n<figure class=\"wp-block-video\" style=\"margin-top:0;margin-right:0;margin-bottom:0;margin-left:0\"><video height=\"1280\" style=\"aspect-ratio: 720 \/ 1280;\" width=\"720\" controls src=\"https:\/\/www.autocaresnika.com\/wp-content\/uploads\/2023\/08\/362493828_822427289120913_1849033942108337981_n.mp4\"><\/video><\/figure>\n","protected":false},"excerpt":{"rendered":"<p>El mes de juny passat Autocars NIKA va ser present al Gran Premi d&#8217;Espanya de F\u00f3rmula 1, al Circuit de Montmel\u00f3 de Barcelona. Aqu\u00ed us deixem alguns moments!<\/p>\n","protected":false},"author":1,"featured_media":645,"comment_status":"closed","ping_status":"closed","sticky":false,"template":"","format":"standard","meta":{"_seopress_robots_primary_cat":"","_seopress_titles_title":"","_seopress_titles_desc":"","_seopress_robots_index":"","inline_featured_image":false,"footnotes":""},"categories":[1],"class_list":["post-678","post","type-post","status-publish","format-standard","has-post-thumbnail","hentry","category-actualitat"],"_links":{"self":[{"href":"https:\/\/www.autocaresnika.com\/ca\/wp-json\/wp\/v2\/posts\/678","targetHints":{"allow":["GET"]}}],"collection":[{"href":"https:\/\/www.autocaresnika.com\/ca\/wp-json\/wp\/v2\/posts"}],"about":[{"href":"https:\/\/www.autocaresnika.com\/ca\/wp-json\/wp\/v2\/types\/post"}],"author":[{"embeddable":true,"href":"https:\/\/www.autocaresnika.com\/ca\/wp-json\/wp\/v2\/users\/1"}],"replies":[{"embeddable":true,"href":"https:\/\/www.autocaresnika.com\/ca\/wp-json\/wp\/v2\/comments?post=678"}],"version-history":[{"count":0,"href":"https:\/\/www.autocaresnika.com\/ca\/wp-json\/wp\/v2\/posts\/678\/revisions"}],"wp:featuredmedia":[{"embeddable":true,"href":"https:\/\/www.autocaresnika.com\/ca\/wp-json\/wp\/v2\/media\/645"}],"wp:attachment":[{"href":"https:\/\/www.autocaresnika.com\/ca\/wp-json\/wp\/v2\/media?parent=678"}],"wp:term":[{"taxonomy":"category","embeddable":true,"href":"https:\/\/www.autocaresnika.com\/ca\/wp-json\/wp\/v2\/categories?post=678"}],"curies":[{"name":"wp","href":"https:\/\/api.w.org\/{rel}","templated":true}]}}